{"id":613,"date":"2025-09-28T16:24:52","date_gmt":"2025-09-28T16:24:52","guid":{"rendered":"https:\/\/azyl.olsztyn.pl\/?p=613"},"modified":"2025-09-28T16:24:52","modified_gmt":"2025-09-28T16:24:52","slug":"emocje-mysli-zachowania-i-potrzeby-mozliwosci-zagrozenia","status":"publish","type":"post","link":"https:\/\/azyl.olsztyn.pl\/index.php\/2025\/09\/28\/emocje-mysli-zachowania-i-potrzeby-mozliwosci-zagrozenia\/","title":{"rendered":"EMOCJE \u2013 MY\u015aLI -ZACHOWANIA  i POTRZEBY \u2013 MO\u017bLIWO\u015aCI \u2013 ZAGRO\u017bENIA"},"content":{"rendered":"<p>Serdecznie zapraszamy na zaj\u0119cia finansowane przez Miejski Zesp\u00f3\u0142 Profilaktyki i Terapii Uzale\u017cnie\u0144, kt\u00f3re b\u0119d\u0105 realizowane od 1 pa\u017adziernika do 28 listopada.<\/p>\n<p>Na wtorkowe zaj\u0119cia zapraszamy m\u0142odzie\u017c z klas 6 \u2013 8 szk\u00f3\u0142 podstawowych, kt\u00f3ra ma trudno\u015b\u0107 w relacjach r\u00f3wie\u015bniczych, chcia\u0142aby lepiej zrozumie\u0107 siebie. W trakcie zaj\u0119\u0107 b\u0119dziemy koncentrowa\u0107 si\u0119 wok\u00f3\u0142 hase\u0142: EMOCJE \u2013 MY\u015aLI -ZACHOWANIA\u00a0 i POTRZEBY \u2013 MO\u017bLIWO\u015aCI \u2013 ZAGRO\u017bENIA<\/p>\n<p>Zaj\u0119cia od 16.00 do 18.00<\/p>\n<p>&nbsp;<\/p>\n<p>Natomiast w pi\u0105tki zapraszamy do Strefy zrozumienia rodzica opiekun\u00f3w, rodzic\u00f3w, kt\u00f3rzy zastanawiaj\u0105 si\u0119 kto podmieni\u0142 ich dziecko na opryskliwego, z\u0142oszcz\u0105cego si\u0119 nastolatka. Zapraszamy te\u017c tych, kt\u00f3rzy chc\u0105 popracowa\u0107 nad w\u0142asnym stylem komunikacji z dzieckiem, aby lepiej rozumie\u0107 dziecko i siebie.<\/p>\n<p>Zaj\u0119cia od 16.00 do 18.00<\/p>\n<p>A wszystko to w AZYL-u \u2013 O\u015brodku pomocy psychologiczno \u2013 pedagogicznej przy ul. Kuronia 7 w Olsztynie<\/p>\n<p>&nbsp;<\/p>\n<p><img fetchpriority=\"high\" decoding=\"async\" class=\"aligncenter wp-image-614 size-full\" src=\"https:\/\/azyl.olsztyn.pl\/wp-content\/uploads\/2025\/09\/mzpitu.jpg\" alt=\"\" width=\"940\" height=\"788\" srcset=\"https:\/\/azyl.olsztyn.pl\/wp-content\/uploads\/2025\/09\/mzpitu.jpg 940w, https:\/\/azyl.olsztyn.pl\/wp-content\/uploads\/2025\/09\/mzpitu-300x251.jpg 300w, https:\/\/azyl.olsztyn.pl\/wp-content\/uploads\/2025\/09\/mzpitu-768x644.jpg 768w, https:\/\/azyl.olsztyn.pl\/wp-content\/uploads\/2025\/09\/mzpitu-72x60.jpg 72w\" sizes=\"(max-width: 940px) 100vw, 940px\" \/><\/p>\n","protected":false},"excerpt":{"rendered":"<p>Serdecznie zapraszamy na zaj\u0119cia finansowane przez Miejski Zesp\u00f3\u0142 Profilaktyki i Terapii Uzale\u017cnie\u0144, kt\u00f3re b\u0119d\u0105 realizowane od 1 pa\u017adziernika do 28 listopada. Na wtorkowe zaj\u0119cia zapraszamy m\u0142odzie\u017c z klas 6 \u2013 &hellip; <\/p>\n","protected":false},"author":1,"featured_media":614,"comment_status":"closed","ping_status":"closed","sticky":false,"template":"","format":"standard","meta":{"footnotes":""},"categories":[3],"tags":[],"class_list":["post-613","post","type-post","status-publish","format-standard","has-post-thumbnail","hentry","category-aktualnosci"],"_links":{"self":[{"href":"https:\/\/azyl.olsztyn.pl\/index.php\/wp-json\/wp\/v2\/posts\/613","targetHints":{"allow":["GET"]}}],"collection":[{"href":"https:\/\/azyl.olsztyn.pl\/index.php\/wp-json\/wp\/v2\/posts"}],"about":[{"href":"https:\/\/azyl.olsztyn.pl\/index.php\/wp-json\/wp\/v2\/types\/post"}],"author":[{"embeddable":true,"href":"https:\/\/azyl.olsztyn.pl\/index.php\/wp-json\/wp\/v2\/users\/1"}],"replies":[{"embeddable":true,"href":"https:\/\/azyl.olsztyn.pl\/index.php\/wp-json\/wp\/v2\/comments?post=613"}],"version-history":[{"count":1,"href":"https:\/\/azyl.olsztyn.pl\/index.php\/wp-json\/wp\/v2\/posts\/613\/revisions"}],"predecessor-version":[{"id":615,"href":"https:\/\/azyl.olsztyn.pl\/index.php\/wp-json\/wp\/v2\/posts\/613\/revisions\/615"}],"wp:featuredmedia":[{"embeddable":true,"href":"https:\/\/azyl.olsztyn.pl\/index.php\/wp-json\/wp\/v2\/media\/614"}],"wp:attachment":[{"href":"https:\/\/azyl.olsztyn.pl\/index.php\/wp-json\/wp\/v2\/media?parent=613"}],"wp:term":[{"taxonomy":"category","embeddable":true,"href":"https:\/\/azyl.olsztyn.pl\/index.php\/wp-json\/wp\/v2\/categories?post=613"},{"taxonomy":"post_tag","embeddable":true,"href":"https:\/\/azyl.olsztyn.pl\/index.php\/wp-json\/wp\/v2\/tags?post=613"}],"curies":[{"name":"wp","href":"https:\/\/api.w.org\/{rel}","templated":true}]}}