{"id":609,"date":"2025-08-23T13:44:39","date_gmt":"2025-08-23T13:44:39","guid":{"rendered":"https:\/\/azyl.olsztyn.pl\/?p=609"},"modified":"2025-08-23T13:44:55","modified_gmt":"2025-08-23T13:44:55","slug":"zapraszamy-na-zjecia","status":"publish","type":"post","link":"https:\/\/azyl.olsztyn.pl\/index.php\/2025\/08\/23\/zapraszamy-na-zjecia\/","title":{"rendered":"Zapraszamy na zaj\u0119cia"},"content":{"rendered":"<p>Zapraszamy na zaj\u0119cia !!!<\/p>\n<p>Wraz z rozpocz\u0119ciem roku szkolnego otwieramy odp\u0142atne (120 z\u0142\/90 min) grupy Treningu Zast\u0119powania Agresji i Treningu Umiej\u0119tno\u015bci Spo\u0142ecznych.<\/p>\n<p>Zaj\u0119cia b\u0119d\u0105 odbywa\u0142y si\u0119 w godzinach popo\u0142udniowych po skompletowaniu grup, w nast\u0119puj\u0105cych kategoriach wiekowych:<\/p>\n<p>4 \u2013 6 lat<\/p>\n<p>7 \u2013 10 lat (klasy 1-3)<\/p>\n<p>11 \u2013 15 lat (klasy 4 \u2013 8)<\/p>\n<p>16 \u2013 17 lat (szko\u0142a \u015brednia)<\/p>\n<p>Co zrobi\u0107, aby do\u0142\u0105czy\u0107 do grupy?<\/p>\n<p>Wystarczy zadzwoni\u0107 na numer 782\u00a0524\u00a0190 i um\u00f3wi\u0107 si\u0119 na spotkanie kwalifikuj\u0105ce do grupy (koszt 150 z\u0142)<\/p>\n<p>Serdecznie zapraszamy do AZYLU, ulica Kuronia 7 w Olsztynie<\/p>\n<p><img fetchpriority=\"high\" decoding=\"async\" class=\"aligncenter wp-image-610 size-full\" src=\"https:\/\/azyl.olsztyn.pl\/wp-content\/uploads\/2025\/08\/zapraszamy-na-zajecia.jpg\" alt=\"\" width=\"940\" height=\"788\" srcset=\"https:\/\/azyl.olsztyn.pl\/wp-content\/uploads\/2025\/08\/zapraszamy-na-zajecia.jpg 940w, https:\/\/azyl.olsztyn.pl\/wp-content\/uploads\/2025\/08\/zapraszamy-na-zajecia-300x251.jpg 300w, https:\/\/azyl.olsztyn.pl\/wp-content\/uploads\/2025\/08\/zapraszamy-na-zajecia-768x644.jpg 768w, https:\/\/azyl.olsztyn.pl\/wp-content\/uploads\/2025\/08\/zapraszamy-na-zajecia-72x60.jpg 72w\" sizes=\"(max-width: 940px) 100vw, 940px\" \/><\/p>\n","protected":false},"excerpt":{"rendered":"<p>Zapraszamy na zaj\u0119cia !!! Wraz z rozpocz\u0119ciem roku szkolnego otwieramy odp\u0142atne (120 z\u0142\/90 min) grupy Treningu Zast\u0119powania Agresji i Treningu Umiej\u0119tno\u015bci Spo\u0142ecznych. Zaj\u0119cia b\u0119d\u0105 odbywa\u0142y si\u0119 w godzinach popo\u0142udniowych po &hellip; <\/p>\n","protected":false},"author":1,"featured_media":610,"comment_status":"closed","ping_status":"closed","sticky":false,"template":"","format":"standard","meta":{"footnotes":""},"categories":[3],"tags":[],"class_list":["post-609","post","type-post","status-publish","format-standard","has-post-thumbnail","hentry","category-aktualnosci"],"_links":{"self":[{"href":"https:\/\/azyl.olsztyn.pl\/index.php\/wp-json\/wp\/v2\/posts\/609","targetHints":{"allow":["GET"]}}],"collection":[{"href":"https:\/\/azyl.olsztyn.pl\/index.php\/wp-json\/wp\/v2\/posts"}],"about":[{"href":"https:\/\/azyl.olsztyn.pl\/index.php\/wp-json\/wp\/v2\/types\/post"}],"author":[{"embeddable":true,"href":"https:\/\/azyl.olsztyn.pl\/index.php\/wp-json\/wp\/v2\/users\/1"}],"replies":[{"embeddable":true,"href":"https:\/\/azyl.olsztyn.pl\/index.php\/wp-json\/wp\/v2\/comments?post=609"}],"version-history":[{"count":2,"href":"https:\/\/azyl.olsztyn.pl\/index.php\/wp-json\/wp\/v2\/posts\/609\/revisions"}],"predecessor-version":[{"id":612,"href":"https:\/\/azyl.olsztyn.pl\/index.php\/wp-json\/wp\/v2\/posts\/609\/revisions\/612"}],"wp:featuredmedia":[{"embeddable":true,"href":"https:\/\/azyl.olsztyn.pl\/index.php\/wp-json\/wp\/v2\/media\/610"}],"wp:attachment":[{"href":"https:\/\/azyl.olsztyn.pl\/index.php\/wp-json\/wp\/v2\/media?parent=609"}],"wp:term":[{"taxonomy":"category","embeddable":true,"href":"https:\/\/azyl.olsztyn.pl\/index.php\/wp-json\/wp\/v2\/categories?post=609"},{"taxonomy":"post_tag","embeddable":true,"href":"https:\/\/azyl.olsztyn.pl\/index.php\/wp-json\/wp\/v2\/tags?post=609"}],"curies":[{"name":"wp","href":"https:\/\/api.w.org\/{rel}","templated":true}]}}