{"id":589,"date":"2025-04-02T14:32:15","date_gmt":"2025-04-02T14:32:15","guid":{"rendered":"https:\/\/azyl.olsztyn.pl\/?p=589"},"modified":"2025-04-02T14:32:15","modified_gmt":"2025-04-02T14:32:15","slug":"zrozumiec-siebie-to-ma-sens","status":"publish","type":"post","link":"https:\/\/azyl.olsztyn.pl\/index.php\/2025\/04\/02\/zrozumiec-siebie-to-ma-sens\/","title":{"rendered":"\u201eZROZUMIE\u0106 SIEBIE \u2013 TO MA SENS\u201d"},"content":{"rendered":"<p><img fetchpriority=\"high\" decoding=\"async\" class=\"wp-image-582 size-large aligncenter\" src=\"https:\/\/azyl.olsztyn.pl\/wp-content\/uploads\/2025\/03\/1-1024x576.png\" alt=\"\" width=\"767\" height=\"431\" srcset=\"https:\/\/azyl.olsztyn.pl\/wp-content\/uploads\/2025\/03\/1-1024x576.png 1024w, https:\/\/azyl.olsztyn.pl\/wp-content\/uploads\/2025\/03\/1-300x169.png 300w, https:\/\/azyl.olsztyn.pl\/wp-content\/uploads\/2025\/03\/1-768x432.png 768w, https:\/\/azyl.olsztyn.pl\/wp-content\/uploads\/2025\/03\/1-1536x864.png 1536w, https:\/\/azyl.olsztyn.pl\/wp-content\/uploads\/2025\/03\/1-107x60.png 107w, https:\/\/azyl.olsztyn.pl\/wp-content\/uploads\/2025\/03\/1.png 1920w\" sizes=\"(max-width: 767px) 100vw, 767px\" \/><\/p>\n<h2 dir=\"auto\"><span style=\"color: #000000;\">Serdecznie zapraszamy m\u0142odzie\u017c w wieku 12-14 lat na zaj\u0119cia grupowe \u201eZROZUMIE\u0106 SIEBIE \u2013 TO MA SENS\u201d finansowane przez Miejski Zesp\u00f3\u0142 Profilaktyki i Terapii Uzale\u017cnie\u0144.<\/span><\/h2>\n<h2 dir=\"auto\"><span style=\"color: #000000;\"><span class=\"html-span xexx8yu x4uap5 x18d9i69 xkhd6sd x1hl2dhg x16tdsg8 x1vvkbs x3nfvp2 x1j61x8r x1fcty0u xdj266r xat24cr xgzva0m xhhsvwb xxymvpz xlup9mm x1kky2od\"><img decoding=\"async\" class=\"xz74otr x168nmei x13lgxp2 x5pf9jr xo71vjh\" src=\"https:\/\/static.xx.fbcdn.net\/images\/emoji.php\/v9\/t50\/1\/16\/2757.png\" alt=\"\u2757\" width=\"16\" height=\"16\" \/><\/span>Zaj\u0119cia odbywaj\u0105 si\u0119 we wtorki od 25.03 &#8211; 13.06.2025r w godzinach 16.00 \u2013 18.00. <span class=\"html-span xexx8yu x4uap5 x18d9i69 xkhd6sd x1hl2dhg x16tdsg8 x1vvkbs x3nfvp2 x1j61x8r x1fcty0u xdj266r xat24cr xgzva0m xhhsvwb xxymvpz xlup9mm x1kky2od\"><img decoding=\"async\" class=\"xz74otr x168nmei x13lgxp2 x5pf9jr xo71vjh\" src=\"https:\/\/static.xx.fbcdn.net\/images\/emoji.php\/v9\/t50\/1\/16\/2757.png\" alt=\"\u2757\" width=\"16\" height=\"16\" \/><\/span><\/span><\/h2>\n<h2 dir=\"auto\"><span style=\"color: #000000;\">Drodzy rodzice, je\u015bli martwicie si\u0119, czy Wasze dziecko dobrze radzi sobie:<\/span><\/h2>\n<h2 dir=\"auto\"><span style=\"color: #000000;\"><span class=\"html-span xexx8yu x4uap5 x18d9i69 xkhd6sd x1hl2dhg x16tdsg8 x1vvkbs x3nfvp2 x1j61x8r x1fcty0u xdj266r xat24cr xgzva0m xhhsvwb xxymvpz xlup9mm x1kky2od\"><img decoding=\"async\" class=\"xz74otr x168nmei x13lgxp2 x5pf9jr xo71vjh\" src=\"https:\/\/static.xx.fbcdn.net\/images\/emoji.php\/v9\/t40\/1\/16\/25b6.png\" alt=\"\u25b6\" width=\"16\" height=\"16\" \/><\/span> ze z\u0142o\u015bci\u0105;<\/span><\/h2>\n<h2 dir=\"auto\"><span style=\"color: #000000;\"><span class=\"html-span xexx8yu x4uap5 x18d9i69 xkhd6sd x1hl2dhg x16tdsg8 x1vvkbs x3nfvp2 x1j61x8r x1fcty0u xdj266r xat24cr xgzva0m xhhsvwb xxymvpz xlup9mm x1kky2od\"><img decoding=\"async\" class=\"xz74otr x168nmei x13lgxp2 x5pf9jr xo71vjh\" src=\"https:\/\/static.xx.fbcdn.net\/images\/emoji.php\/v9\/t40\/1\/16\/25b6.png\" alt=\"\u25b6\" width=\"16\" height=\"16\" \/><\/span> presj\u0105 grupy;<\/span><\/h2>\n<h2 dir=\"auto\"><span style=\"color: #000000;\"><span class=\"html-span xexx8yu x4uap5 x18d9i69 xkhd6sd x1hl2dhg x16tdsg8 x1vvkbs x3nfvp2 x1j61x8r x1fcty0u xdj266r xat24cr xgzva0m xhhsvwb xxymvpz xlup9mm x1kky2od\"><img decoding=\"async\" class=\"xz74otr x168nmei x13lgxp2 x5pf9jr xo71vjh\" src=\"https:\/\/static.xx.fbcdn.net\/images\/emoji.php\/v9\/t40\/1\/16\/25b6.png\" alt=\"\u25b6\" width=\"16\" height=\"16\" \/><\/span> agresj\u0105 r\u00f3wie\u015bnicz\u0105;<\/span><\/h2>\n<h2 dir=\"auto\"><span style=\"color: #000000;\"><span class=\"html-span xexx8yu x4uap5 x18d9i69 xkhd6sd x1hl2dhg x16tdsg8 x1vvkbs x3nfvp2 x1j61x8r x1fcty0u xdj266r xat24cr xgzva0m xhhsvwb xxymvpz xlup9mm x1kky2od\"><img decoding=\"async\" class=\"xz74otr x168nmei x13lgxp2 x5pf9jr xo71vjh\" src=\"https:\/\/static.xx.fbcdn.net\/images\/emoji.php\/v9\/t40\/1\/16\/25b6.png\" alt=\"\u25b6\" width=\"16\" height=\"16\" \/><\/span> ze zmianami w ciele w okresie dojrzewania;<\/span><\/h2>\n<h2 dir=\"auto\"><span style=\"color: #000000;\"><span class=\"html-span xexx8yu x4uap5 x18d9i69 xkhd6sd x1hl2dhg x16tdsg8 x1vvkbs x3nfvp2 x1j61x8r x1fcty0u xdj266r xat24cr xgzva0m xhhsvwb xxymvpz xlup9mm x1kky2od\"><img decoding=\"async\" class=\"xz74otr x168nmei x13lgxp2 x5pf9jr xo71vjh\" src=\"https:\/\/static.xx.fbcdn.net\/images\/emoji.php\/v9\/t40\/1\/16\/25b6.png\" alt=\"\u25b6\" width=\"16\" height=\"16\" \/><\/span> ze zmianami nastroju;<\/span><\/h2>\n<h2 dir=\"auto\"><span style=\"color: #000000;\"><span class=\"html-span xexx8yu x4uap5 x18d9i69 xkhd6sd x1hl2dhg x16tdsg8 x1vvkbs x3nfvp2 x1j61x8r x1fcty0u xdj266r xat24cr xgzva0m xhhsvwb xxymvpz xlup9mm x1kky2od\"><img decoding=\"async\" class=\"xz74otr x168nmei x13lgxp2 x5pf9jr xo71vjh\" src=\"https:\/\/static.xx.fbcdn.net\/images\/emoji.php\/v9\/t40\/1\/16\/25b6.png\" alt=\"\u25b6\" width=\"16\" height=\"16\" \/><\/span> z zainteresowaniem u\u017cywkami;<\/span><\/h2>\n<h2 dir=\"auto\"><span style=\"color: #000000;\">mo\u017cecie odpowiedzie\u0107 na zaproszenie i przywie\u017a\u0107 dziecko do AZYLU O\u015brodka pomocy psychologiczno\u2013pedagogicznej, przy ul. Kuronia 7.<\/span><\/h2>\n<h2 dir=\"auto\"><span style=\"color: #000000;\"><span class=\"html-span xexx8yu x4uap5 x18d9i69 xkhd6sd x1hl2dhg x16tdsg8 x1vvkbs x3nfvp2 x1j61x8r x1fcty0u xdj266r xat24cr xgzva0m xhhsvwb xxymvpz xlup9mm x1kky2od\"><img loading=\"lazy\" decoding=\"async\" class=\"xz74otr x168nmei x13lgxp2 x5pf9jr xo71vjh\" src=\"https:\/\/static.xx.fbcdn.net\/images\/emoji.php\/v9\/t4d\/1\/16\/1f4de.png\" alt=\"\ud83d\udcde\" width=\"16\" height=\"16\" \/><\/span>Kontakt: 782 524 190.<\/span><\/h2>\n<h2 dir=\"auto\"><span style=\"color: #000000;\">Zapraszamy.<\/span><\/h2>\n","protected":false},"excerpt":{"rendered":"<p>Serdecznie zapraszamy m\u0142odzie\u017c w wieku 12-14 lat na zaj\u0119cia grupowe \u201eZROZUMIE\u0106 SIEBIE \u2013 TO MA SENS\u201d finansowane przez Miejski Zesp\u00f3\u0142 Profilaktyki i Terapii Uzale\u017cnie\u0144. Zaj\u0119cia odbywaj\u0105 si\u0119 we wtorki od &hellip; <\/p>\n","protected":false},"author":1,"featured_media":582,"comment_status":"closed","ping_status":"closed","sticky":false,"template":"","format":"standard","meta":{"footnotes":""},"categories":[3],"tags":[15],"class_list":["post-589","post","type-post","status-publish","format-standard","has-post-thumbnail","hentry","category-aktualnosci","tag-azyl-mzpitu-zajecia_grupowe-mlodziez-wsparcie"],"_links":{"self":[{"href":"https:\/\/azyl.olsztyn.pl\/index.php\/wp-json\/wp\/v2\/posts\/589","targetHints":{"allow":["GET"]}}],"collection":[{"href":"https:\/\/azyl.olsztyn.pl\/index.php\/wp-json\/wp\/v2\/posts"}],"about":[{"href":"https:\/\/azyl.olsztyn.pl\/index.php\/wp-json\/wp\/v2\/types\/post"}],"author":[{"embeddable":true,"href":"https:\/\/azyl.olsztyn.pl\/index.php\/wp-json\/wp\/v2\/users\/1"}],"replies":[{"embeddable":true,"href":"https:\/\/azyl.olsztyn.pl\/index.php\/wp-json\/wp\/v2\/comments?post=589"}],"version-history":[{"count":2,"href":"https:\/\/azyl.olsztyn.pl\/index.php\/wp-json\/wp\/v2\/posts\/589\/revisions"}],"predecessor-version":[{"id":591,"href":"https:\/\/azyl.olsztyn.pl\/index.php\/wp-json\/wp\/v2\/posts\/589\/revisions\/591"}],"wp:featuredmedia":[{"embeddable":true,"href":"https:\/\/azyl.olsztyn.pl\/index.php\/wp-json\/wp\/v2\/media\/582"}],"wp:attachment":[{"href":"https:\/\/azyl.olsztyn.pl\/index.php\/wp-json\/wp\/v2\/media?parent=589"}],"wp:term":[{"taxonomy":"category","embeddable":true,"href":"https:\/\/azyl.olsztyn.pl\/index.php\/wp-json\/wp\/v2\/categories?post=589"},{"taxonomy":"post_tag","embeddable":true,"href":"https:\/\/azyl.olsztyn.pl\/index.php\/wp-json\/wp\/v2\/tags?post=589"}],"curies":[{"name":"wp","href":"https:\/\/api.w.org\/{rel}","templated":true}]}}