{"id":500,"date":"2024-10-20T16:36:43","date_gmt":"2024-10-20T16:36:43","guid":{"rendered":"https:\/\/azyl.olsztyn.pl\/?p=500"},"modified":"2024-10-20T16:36:43","modified_gmt":"2024-10-20T16:36:43","slug":"tus-oraz-trening-zastepowania-agresji-nabor","status":"publish","type":"post","link":"https:\/\/azyl.olsztyn.pl\/index.php\/2024\/10\/20\/tus-oraz-trening-zastepowania-agresji-nabor\/","title":{"rendered":"TUS oraz Trening Zast\u0119powania Agresji &#8211; nab\u00f3r"},"content":{"rendered":"<h1 dir=\"auto\" style=\"text-align: center;\">Kochani,<\/h1>\n<h4 dir=\"auto\" style=\"text-align: center;\">og\u0142aszamy nab\u00f3r na listopadowe zaj\u0119cia z Treningu Umiej\u0119tno\u015bci Spo\u0142ecznych oraz Treningu Zast\u0119powania Agresji.<\/h4>\n<p>&nbsp;<\/p>\n<div style=\"width: 767px;\" class=\"wp-video\"><video class=\"wp-video-shortcode\" id=\"video-500-1\" width=\"767\" height=\"431\" loop autoplay preload=\"metadata\" controls=\"controls\"><source type=\"video\/mp4\" src=\"https:\/\/azyl.olsztyn.pl\/wp-content\/uploads\/2024\/10\/trening-umiejetnosci-spolecznych123.mp4?_=1\" \/><a href=\"https:\/\/azyl.olsztyn.pl\/wp-content\/uploads\/2024\/10\/trening-umiejetnosci-spolecznych123.mp4\">https:\/\/azyl.olsztyn.pl\/wp-content\/uploads\/2024\/10\/trening-umiejetnosci-spolecznych123.mp4<\/a><\/video><\/div>\n","protected":false},"excerpt":{"rendered":"<p>Kochani, og\u0142aszamy nab\u00f3r na listopadowe zaj\u0119cia z Treningu Umiej\u0119tno\u015bci Spo\u0142ecznych oraz Treningu Zast\u0119powania Agresji. &nbsp;<\/p>\n","protected":false},"author":1,"featured_media":483,"comment_status":"closed","ping_status":"closed","sticky":false,"template":"","format":"standard","meta":{"footnotes":""},"categories":[3],"tags":[14],"class_list":["post-500","post","type-post","status-publish","format-standard","has-post-thumbnail","hentry","category-aktualnosci","tag-azyl-olsztyn-wsparcie-treningumiejetnocispolecznych-treningzastepwaniaagresji"],"_links":{"self":[{"href":"https:\/\/azyl.olsztyn.pl\/index.php\/wp-json\/wp\/v2\/posts\/500","targetHints":{"allow":["GET"]}}],"collection":[{"href":"https:\/\/azyl.olsztyn.pl\/index.php\/wp-json\/wp\/v2\/posts"}],"about":[{"href":"https:\/\/azyl.olsztyn.pl\/index.php\/wp-json\/wp\/v2\/types\/post"}],"author":[{"embeddable":true,"href":"https:\/\/azyl.olsztyn.pl\/index.php\/wp-json\/wp\/v2\/users\/1"}],"replies":[{"embeddable":true,"href":"https:\/\/azyl.olsztyn.pl\/index.php\/wp-json\/wp\/v2\/comments?post=500"}],"version-history":[{"count":1,"href":"https:\/\/azyl.olsztyn.pl\/index.php\/wp-json\/wp\/v2\/posts\/500\/revisions"}],"predecessor-version":[{"id":502,"href":"https:\/\/azyl.olsztyn.pl\/index.php\/wp-json\/wp\/v2\/posts\/500\/revisions\/502"}],"wp:featuredmedia":[{"embeddable":true,"href":"https:\/\/azyl.olsztyn.pl\/index.php\/wp-json\/wp\/v2\/media\/483"}],"wp:attachment":[{"href":"https:\/\/azyl.olsztyn.pl\/index.php\/wp-json\/wp\/v2\/media?parent=500"}],"wp:term":[{"taxonomy":"category","embeddable":true,"href":"https:\/\/azyl.olsztyn.pl\/index.php\/wp-json\/wp\/v2\/categories?post=500"},{"taxonomy":"post_tag","embeddable":true,"href":"https:\/\/azyl.olsztyn.pl\/index.php\/wp-json\/wp\/v2\/tags?post=500"}],"curies":[{"name":"wp","href":"https:\/\/api.w.org\/{rel}","templated":true}]}}