{"id":488,"date":"2024-08-29T13:24:38","date_gmt":"2024-08-29T13:24:38","guid":{"rendered":"https:\/\/azyl.olsztyn.pl\/?p=488"},"modified":"2024-08-29T13:24:38","modified_gmt":"2024-08-29T13:24:38","slug":"trening-zastepowania-agresji","status":"publish","type":"post","link":"https:\/\/azyl.olsztyn.pl\/index.php\/2024\/08\/29\/trening-zastepowania-agresji\/","title":{"rendered":"Trening Zast\u0119powania Agresji"},"content":{"rendered":"<div class=\"xdj266r x11i5rnm xat24cr x1mh8g0r x1vvkbs x126k92a\">\n<h2 dir=\"auto\" style=\"padding-left: 160px;\"><span style=\"color: #000000;\">Og\u0142aszamy nab\u00f3r na zaj\u0119cia z <strong>treningu zast\u0119powania agresji<\/strong> dla dzieci w wieku 7-9 lat.<\/span><\/h2>\n<p>&nbsp;<\/p>\n<h2 dir=\"auto\" style=\"padding-left: 400px;\"><span style=\"color: #000000;\"><span class=\"html-span xexx8yu x4uap5 x18d9i69 xkhd6sd x1hl2dhg x16tdsg8 x1vvkbs x3nfvp2 x1j61x8r x1fcty0u xdj266r xat24cr xgzva0m xhhsvwb xxymvpz xlup9mm x1kky2od\"><img decoding=\"async\" class=\"xz74otr\" src=\"https:\/\/static.xx.fbcdn.net\/images\/emoji.php\/v9\/t50\/1\/16\/2757.png\" alt=\"\u2757\" width=\"16\" height=\"16\" \/><\/span>Wa\u017cna informacja: <\/span><\/h2>\n<h4 dir=\"auto\" style=\"padding-left: 160px;\"><span style=\"color: #000000;\">przed zakwalifikowaniem uczestnika na terapi\u0119 konieczna jest konsultacja psychologiczna.<\/span><\/h4>\n<p>&nbsp;<\/p>\n<\/div>\n<div class=\"x11i5rnm xat24cr x1mh8g0r x1vvkbs xtlvy1s x126k92a\">\n<h4 dir=\"auto\" style=\"padding-left: 400px;\"><span style=\"color: #000000;\"><em>Zapraszamy do kontaktu: 782 524 190.<\/em><\/span><\/h4>\n<\/div>\n<p style=\"padding-left: 200px;\"><img fetchpriority=\"high\" decoding=\"async\" class=\"alignnone wp-image-489 size-large\" src=\"https:\/\/azyl.olsztyn.pl\/wp-content\/uploads\/2024\/08\/TRENING-ZASTEPOWANIA-AGRESJI-WIEK-1024x576.jpg\" alt=\"\" width=\"767\" height=\"431\" srcset=\"https:\/\/azyl.olsztyn.pl\/wp-content\/uploads\/2024\/08\/TRENING-ZASTEPOWANIA-AGRESJI-WIEK-1024x576.jpg 1024w, https:\/\/azyl.olsztyn.pl\/wp-content\/uploads\/2024\/08\/TRENING-ZASTEPOWANIA-AGRESJI-WIEK-300x169.jpg 300w, https:\/\/azyl.olsztyn.pl\/wp-content\/uploads\/2024\/08\/TRENING-ZASTEPOWANIA-AGRESJI-WIEK-768x432.jpg 768w, https:\/\/azyl.olsztyn.pl\/wp-content\/uploads\/2024\/08\/TRENING-ZASTEPOWANIA-AGRESJI-WIEK-1536x864.jpg 1536w, https:\/\/azyl.olsztyn.pl\/wp-content\/uploads\/2024\/08\/TRENING-ZASTEPOWANIA-AGRESJI-WIEK-107x60.jpg 107w, https:\/\/azyl.olsztyn.pl\/wp-content\/uploads\/2024\/08\/TRENING-ZASTEPOWANIA-AGRESJI-WIEK.jpg 1920w\" sizes=\"(max-width: 767px) 100vw, 767px\" \/><\/p>\n","protected":false},"excerpt":{"rendered":"<p>Og\u0142aszamy nab\u00f3r na zaj\u0119cia z treningu zast\u0119powania agresji dla dzieci w wieku 7-9 lat. &nbsp; Wa\u017cna informacja: przed zakwalifikowaniem uczestnika na terapi\u0119 konieczna jest konsultacja psychologiczna. &nbsp; Zapraszamy do kontaktu: &hellip; <\/p>\n","protected":false},"author":1,"featured_media":489,"comment_status":"closed","ping_status":"closed","sticky":false,"template":"","format":"standard","meta":{"footnotes":""},"categories":[3],"tags":[11,13],"class_list":["post-488","post","type-post","status-publish","format-standard","has-post-thumbnail","hentry","category-aktualnosci","tag-azyl-wsparcie-olsztyn","tag-trening_zastepowania_agresji"],"_links":{"self":[{"href":"https:\/\/azyl.olsztyn.pl\/index.php\/wp-json\/wp\/v2\/posts\/488","targetHints":{"allow":["GET"]}}],"collection":[{"href":"https:\/\/azyl.olsztyn.pl\/index.php\/wp-json\/wp\/v2\/posts"}],"about":[{"href":"https:\/\/azyl.olsztyn.pl\/index.php\/wp-json\/wp\/v2\/types\/post"}],"author":[{"embeddable":true,"href":"https:\/\/azyl.olsztyn.pl\/index.php\/wp-json\/wp\/v2\/users\/1"}],"replies":[{"embeddable":true,"href":"https:\/\/azyl.olsztyn.pl\/index.php\/wp-json\/wp\/v2\/comments?post=488"}],"version-history":[{"count":10,"href":"https:\/\/azyl.olsztyn.pl\/index.php\/wp-json\/wp\/v2\/posts\/488\/revisions"}],"predecessor-version":[{"id":499,"href":"https:\/\/azyl.olsztyn.pl\/index.php\/wp-json\/wp\/v2\/posts\/488\/revisions\/499"}],"wp:featuredmedia":[{"embeddable":true,"href":"https:\/\/azyl.olsztyn.pl\/index.php\/wp-json\/wp\/v2\/media\/489"}],"wp:attachment":[{"href":"https:\/\/azyl.olsztyn.pl\/index.php\/wp-json\/wp\/v2\/media?parent=488"}],"wp:term":[{"taxonomy":"category","embeddable":true,"href":"https:\/\/azyl.olsztyn.pl\/index.php\/wp-json\/wp\/v2\/categories?post=488"},{"taxonomy":"post_tag","embeddable":true,"href":"https:\/\/azyl.olsztyn.pl\/index.php\/wp-json\/wp\/v2\/tags?post=488"}],"curies":[{"name":"wp","href":"https:\/\/api.w.org\/{rel}","templated":true}]}}