{"id":478,"date":"2024-08-07T16:47:59","date_gmt":"2024-08-07T16:47:59","guid":{"rendered":"https:\/\/azyl.olsztyn.pl\/?p=478"},"modified":"2024-08-07T16:52:14","modified_gmt":"2024-08-07T16:52:14","slug":"trening-umiejetnosci-spolecznych-zapisy","status":"publish","type":"post","link":"https:\/\/azyl.olsztyn.pl\/index.php\/2024\/08\/07\/trening-umiejetnosci-spolecznych-zapisy\/","title":{"rendered":"Trening Umiej\u0119tno\u015bci Spo\u0142ecznych &#8211; nab\u00f3r"},"content":{"rendered":"\t\t<div data-elementor-type=\"wp-post\" data-elementor-id=\"478\" class=\"elementor elementor-478\">\n\t\t\t\t<div class=\"elementor-element elementor-element-659dad5e e-flex e-con-boxed e-con e-parent\" data-id=\"659dad5e\" data-element_type=\"container\" data-e-type=\"container\">\n\t\t\t\t\t<div class=\"e-con-inner\">\n\t\t\t\t<div class=\"elementor-element elementor-element-1356c911 elementor-widget elementor-widget-text-editor\" data-id=\"1356c911\" data-element_type=\"widget\" data-e-type=\"widget\" data-widget_type=\"text-editor.default\">\n\t\t\t\t<div class=\"elementor-widget-container\">\n\t\t\t\t\t\t\t\t\t<div style=\"text-align: left;\"><span style=\"color: #000000;\"><strong>Kochani<\/strong>,<\/span><\/div><div><span style=\"color: #000000;\">wakacje szybko zmierzaj\u0105 ku ko\u0144cowi, czas pomy\u015ble\u0107 o wsparciu, kt\u00f3rego mog\u0105 potrzebowa\u0107 dzieci w roku szkolnym.<\/span><\/div><div>\u00a0<\/div><div>\u00a0<\/div><h5 style=\"text-align: center;\"><span style=\"color: #000000;\"> W Azylu czekamy na dzieci i m\u0142odzie\u017c z Treningiem Umiej\u0119tno\u015bci Spo\u0142ecznych w grupach wiekowych:<\/span><\/h5><h5 style=\"text-align: center;\"><span style=\"color: #000000;\">4 &#8211; 6 lat<\/span><\/h5><h5 style=\"text-align: center;\"><span style=\"color: #000000;\">7 &#8211; 9 lat<\/span><\/h5><h5 style=\"text-align: center;\"><span style=\"color: #000000;\">10 &#8211; 12 lat<\/span><\/h5><h5 style=\"text-align: center;\"><span style=\"color: #000000;\">13 &#8211; 16 lat.<\/span><\/h5><div>\u00a0<\/div><div>\u00a0<\/div><div><span style=\"color: #000000;\">Proponujemy zaj\u0119cia, w kt\u00f3rych uczestnicy b\u0119d\u0105 mogli \u0107wiczy\u0107 interakcje spo\u0142eczne, zdobywa\u0107 wiedz\u0119 o swoich mocnych stronach i o tych, nad kt\u00f3rymi trzeba pracowa\u0107. Wiemy, \u017ce do\u015bwiadczenie prowadzi do zrozumienia mechanizm\u00f3w zachowania, a co za tym idzie do mniej bolesnego do\u015bwiadczania \u017cycia.<\/span><\/div><p><span style=\"color: #000000;\"><img fetchpriority=\"high\" decoding=\"async\" class=\"aligncenter wp-image-479 size-large\" src=\"https:\/\/azyl.olsztyn.pl\/wp-content\/uploads\/2024\/08\/trening-umiejetnosci-spolecznych-1024x1024.png\" alt=\"\" width=\"767\" height=\"767\" srcset=\"https:\/\/azyl.olsztyn.pl\/wp-content\/uploads\/2024\/08\/trening-umiejetnosci-spolecznych-1024x1024.png 1024w, https:\/\/azyl.olsztyn.pl\/wp-content\/uploads\/2024\/08\/trening-umiejetnosci-spolecznych-300x300.png 300w, https:\/\/azyl.olsztyn.pl\/wp-content\/uploads\/2024\/08\/trening-umiejetnosci-spolecznych-150x150.png 150w, https:\/\/azyl.olsztyn.pl\/wp-content\/uploads\/2024\/08\/trening-umiejetnosci-spolecznych-768x768.png 768w, https:\/\/azyl.olsztyn.pl\/wp-content\/uploads\/2024\/08\/trening-umiejetnosci-spolecznych-60x60.png 60w, https:\/\/azyl.olsztyn.pl\/wp-content\/uploads\/2024\/08\/trening-umiejetnosci-spolecznych.png 1080w\" sizes=\"(max-width: 767px) 100vw, 767px\" \/><\/span><\/p>\t\t\t\t\t\t\t\t<\/div>\n\t\t\t\t<\/div>\n\t\t\t\t\t<\/div>\n\t\t\t\t<\/div>\n\t\t\t\t<\/div>\n\t\t","protected":false},"excerpt":{"rendered":"<p>Kochani,wakacje szybko zmierzaj\u0105 ku ko\u0144cowi, czas pomy\u015ble\u0107 o wsparciu, kt\u00f3rego mog\u0105 potrzebowa\u0107 dzieci w roku szkolnym. W Azylu czekamy na dzieci i m\u0142odzie\u017c z Treningiem Umiej\u0119tno\u015bci Spo\u0142ecznych w grupach wiekowych: &hellip; <\/p>\n","protected":false},"author":1,"featured_media":483,"comment_status":"closed","ping_status":"closed","sticky":false,"template":"","format":"standard","meta":{"footnotes":""},"categories":[3],"tags":[6],"class_list":["post-478","post","type-post","status-publish","format-standard","has-post-thumbnail","hentry","category-aktualnosci","tag-azyl-olsztyn-wsparcie-treningumiejetnocispolecznych"],"_links":{"self":[{"href":"https:\/\/azyl.olsztyn.pl\/index.php\/wp-json\/wp\/v2\/posts\/478","targetHints":{"allow":["GET"]}}],"collection":[{"href":"https:\/\/azyl.olsztyn.pl\/index.php\/wp-json\/wp\/v2\/posts"}],"about":[{"href":"https:\/\/azyl.olsztyn.pl\/index.php\/wp-json\/wp\/v2\/types\/post"}],"author":[{"embeddable":true,"href":"https:\/\/azyl.olsztyn.pl\/index.php\/wp-json\/wp\/v2\/users\/1"}],"replies":[{"embeddable":true,"href":"https:\/\/azyl.olsztyn.pl\/index.php\/wp-json\/wp\/v2\/comments?post=478"}],"version-history":[{"count":6,"href":"https:\/\/azyl.olsztyn.pl\/index.php\/wp-json\/wp\/v2\/posts\/478\/revisions"}],"predecessor-version":[{"id":486,"href":"https:\/\/azyl.olsztyn.pl\/index.php\/wp-json\/wp\/v2\/posts\/478\/revisions\/486"}],"wp:featuredmedia":[{"embeddable":true,"href":"https:\/\/azyl.olsztyn.pl\/index.php\/wp-json\/wp\/v2\/media\/483"}],"wp:attachment":[{"href":"https:\/\/azyl.olsztyn.pl\/index.php\/wp-json\/wp\/v2\/media?parent=478"}],"wp:term":[{"taxonomy":"category","embeddable":true,"href":"https:\/\/azyl.olsztyn.pl\/index.php\/wp-json\/wp\/v2\/categories?post=478"},{"taxonomy":"post_tag","embeddable":true,"href":"https:\/\/azyl.olsztyn.pl\/index.php\/wp-json\/wp\/v2\/tags?post=478"}],"curies":[{"name":"wp","href":"https:\/\/api.w.org\/{rel}","templated":true}]}}