{"id":391,"date":"2024-05-17T17:06:47","date_gmt":"2024-05-17T17:06:47","guid":{"rendered":"https:\/\/azyl.olsztyn.pl\/?p=391"},"modified":"2024-05-17T17:06:47","modified_gmt":"2024-05-17T17:06:47","slug":"wakacje-w-azylu","status":"publish","type":"post","link":"https:\/\/azyl.olsztyn.pl\/index.php\/2024\/05\/17\/wakacje-w-azylu\/","title":{"rendered":"WAKACJE W AZYLU"},"content":{"rendered":"<h2 dir=\"auto\" style=\"text-align: left;\"><span style=\"color: #000000;\">AZYL oferuje pomoc tak\u017ce podczas wakacji<span class=\"html-span xexx8yu x4uap5 x18d9i69 xkhd6sd x1hl2dhg x16tdsg8 x1vvkbs x3nfvp2 x1j61x8r x1fcty0u xdj266r xhhsvwb xat24cr xgzva0m xxymvpz xlup9mm x1kky2od\"><img decoding=\"async\" class=\"xz74otr\" src=\"https:\/\/static.xx.fbcdn.net\/images\/emoji.php\/v9\/t50\/1\/16\/2757.png\" alt=\"\u2757\" width=\"16\" height=\"16\" \/><\/span> <\/span><\/h2>\n<h3 dir=\"auto\" style=\"text-align: left;\"><span style=\"color: #000000;\">Poza sta\u0142\u0105 ofert\u0105 zaj\u0119\u0107 indywidualnych dla wszystkich grup wiekowych proponujemy tygodniowe zaj\u0119cia grupowe dla dzieci w wieku 7-10 lat.<\/span><\/h3>\n<h3 dir=\"auto\" style=\"text-align: left;\"><strong><em><span style=\"color: #000000;\">W programie zaj\u0119\u0107:<\/span><\/em><\/strong><\/h3>\n<h3 dir=\"auto\" style=\"text-align: left;\"><span style=\"color: #000000;\"><span class=\"html-span xexx8yu x4uap5 x18d9i69 xkhd6sd x1hl2dhg x16tdsg8 x1vvkbs x3nfvp2 x1j61x8r x1fcty0u xdj266r xhhsvwb xat24cr xgzva0m xxymvpz xlup9mm x1kky2od\"><img decoding=\"async\" class=\"xz74otr\" src=\"https:\/\/static.xx.fbcdn.net\/images\/emoji.php\/v9\/t40\/1\/16\/25b6.png\" alt=\"\u25b6\ufe0f\" width=\"16\" height=\"16\" \/> <\/span>elementy treningu umiej\u0119tno\u015bci spo\u0142ecznych,<\/span><\/h3>\n<h3 dir=\"auto\" style=\"text-align: left;\"><span style=\"color: #000000;\"><span class=\"html-span xexx8yu x4uap5 x18d9i69 xkhd6sd x1hl2dhg x16tdsg8 x1vvkbs x3nfvp2 x1j61x8r x1fcty0u xdj266r xhhsvwb xat24cr xgzva0m xxymvpz xlup9mm x1kky2od\"><img decoding=\"async\" class=\"xz74otr\" src=\"https:\/\/static.xx.fbcdn.net\/images\/emoji.php\/v9\/t40\/1\/16\/25b6.png\" alt=\"\u25b6\ufe0f\" width=\"16\" height=\"16\" \/> <\/span>trening zast\u0119powania agresji,<\/span><\/h3>\n<h3 dir=\"auto\" style=\"text-align: left;\"><span style=\"color: #000000;\"><span class=\"html-span xexx8yu x4uap5 x18d9i69 xkhd6sd x1hl2dhg x16tdsg8 x1vvkbs x3nfvp2 x1j61x8r x1fcty0u xdj266r xhhsvwb xat24cr xgzva0m xxymvpz xlup9mm x1kky2od\"><img decoding=\"async\" class=\"xz74otr\" src=\"https:\/\/static.xx.fbcdn.net\/images\/emoji.php\/v9\/t40\/1\/16\/25b6.png\" alt=\"\u25b6\ufe0f\" width=\"16\" height=\"16\" \/> <\/span>nauka redukowania stresu.<\/span><\/h3>\n<h3 dir=\"auto\" style=\"text-align: center;\"><span style=\"color: #000000;\">Przy tym du\u017co zabawy bez korzystania z telefon\u00f3w w pomieszczeniu i na \u015bwie\u017cym powietrzu. <span class=\"html-span xexx8yu x4uap5 x18d9i69 xkhd6sd x1hl2dhg x16tdsg8 x1vvkbs x3nfvp2 x1j61x8r x1fcty0u xdj266r xhhsvwb xat24cr xgzva0m xxymvpz xlup9mm x1kky2od\"><img decoding=\"async\" class=\"xz74otr\" src=\"https:\/\/static.xx.fbcdn.net\/images\/emoji.php\/v9\/t1b\/1\/16\/1f3b2.png\" alt=\"\ud83c\udfb2\" width=\"16\" height=\"16\" \/><\/span><\/span><\/h3>\n<h2 dir=\"auto\" style=\"text-align: center;\"><span style=\"color: #000000;\">Zapraszamy w godzinach 8:00-14:00. <span class=\"html-span xexx8yu x4uap5 x18d9i69 xkhd6sd x1hl2dhg x16tdsg8 x1vvkbs x3nfvp2 x1j61x8r x1fcty0u xdj266r xhhsvwb xat24cr xgzva0m xxymvpz xlup9mm x1kky2od\"><img loading=\"lazy\" decoding=\"async\" class=\"xz74otr\" src=\"https:\/\/static.xx.fbcdn.net\/images\/emoji.php\/v9\/t34\/1\/16\/23f0.png\" alt=\"\u23f0\" width=\"16\" height=\"16\" \/><\/span><\/span><\/h2>\n<h2 dir=\"auto\" style=\"text-align: center;\"><span style=\"color: #000000;\">Gwarantujemy ciep\u0142y posi\u0142ek i zdrowe przek\u0105ski. <span class=\"html-span xexx8yu x4uap5 x18d9i69 xkhd6sd x1hl2dhg x16tdsg8 x1vvkbs x3nfvp2 x1j61x8r x1fcty0u xdj266r xhhsvwb xat24cr xgzva0m xxymvpz xlup9mm x1kky2od\"><img loading=\"lazy\" decoding=\"async\" class=\"xz74otr\" src=\"https:\/\/static.xx.fbcdn.net\/images\/emoji.php\/v9\/tb4\/1\/16\/1f958.png\" alt=\"\ud83e\udd58\" width=\"16\" height=\"16\" \/><\/span><\/span><\/h2>\n<h2 dir=\"auto\" style=\"text-align: center;\"><\/h2>\n<p>&nbsp;<\/p>\n<p><img loading=\"lazy\" decoding=\"async\" class=\"aligncenter wp-image-392 size-full\" src=\"https:\/\/azyl.olsztyn.pl\/wp-content\/uploads\/2024\/05\/wakacje.jpg\" alt=\"\" width=\"940\" height=\"788\" srcset=\"https:\/\/azyl.olsztyn.pl\/wp-content\/uploads\/2024\/05\/wakacje.jpg 940w, https:\/\/azyl.olsztyn.pl\/wp-content\/uploads\/2024\/05\/wakacje-300x251.jpg 300w, https:\/\/azyl.olsztyn.pl\/wp-content\/uploads\/2024\/05\/wakacje-768x644.jpg 768w, https:\/\/azyl.olsztyn.pl\/wp-content\/uploads\/2024\/05\/wakacje-72x60.jpg 72w\" sizes=\"(max-width: 940px) 100vw, 940px\" \/><\/p>\n","protected":false},"excerpt":{"rendered":"<p>AZYL oferuje pomoc tak\u017ce podczas wakacji Poza sta\u0142\u0105 ofert\u0105 zaj\u0119\u0107 indywidualnych dla wszystkich grup wiekowych proponujemy tygodniowe zaj\u0119cia grupowe dla dzieci w wieku 7-10 lat. W programie zaj\u0119\u0107: elementy treningu &hellip; <\/p>\n","protected":false},"author":1,"featured_media":395,"comment_status":"closed","ping_status":"closed","sticky":false,"template":"","format":"standard","meta":{"footnotes":""},"categories":[3],"tags":[12],"class_list":["post-391","post","type-post","status-publish","format-standard","has-post-thumbnail","hentry","category-aktualnosci","tag-azyl-wsparcie-walacje-olsztyn"],"_links":{"self":[{"href":"https:\/\/azyl.olsztyn.pl\/index.php\/wp-json\/wp\/v2\/posts\/391","targetHints":{"allow":["GET"]}}],"collection":[{"href":"https:\/\/azyl.olsztyn.pl\/index.php\/wp-json\/wp\/v2\/posts"}],"about":[{"href":"https:\/\/azyl.olsztyn.pl\/index.php\/wp-json\/wp\/v2\/types\/post"}],"author":[{"embeddable":true,"href":"https:\/\/azyl.olsztyn.pl\/index.php\/wp-json\/wp\/v2\/users\/1"}],"replies":[{"embeddable":true,"href":"https:\/\/azyl.olsztyn.pl\/index.php\/wp-json\/wp\/v2\/comments?post=391"}],"version-history":[{"count":1,"href":"https:\/\/azyl.olsztyn.pl\/index.php\/wp-json\/wp\/v2\/posts\/391\/revisions"}],"predecessor-version":[{"id":393,"href":"https:\/\/azyl.olsztyn.pl\/index.php\/wp-json\/wp\/v2\/posts\/391\/revisions\/393"}],"wp:featuredmedia":[{"embeddable":true,"href":"https:\/\/azyl.olsztyn.pl\/index.php\/wp-json\/wp\/v2\/media\/395"}],"wp:attachment":[{"href":"https:\/\/azyl.olsztyn.pl\/index.php\/wp-json\/wp\/v2\/media?parent=391"}],"wp:term":[{"taxonomy":"category","embeddable":true,"href":"https:\/\/azyl.olsztyn.pl\/index.php\/wp-json\/wp\/v2\/categories?post=391"},{"taxonomy":"post_tag","embeddable":true,"href":"https:\/\/azyl.olsztyn.pl\/index.php\/wp-json\/wp\/v2\/tags?post=391"}],"curies":[{"name":"wp","href":"https:\/\/api.w.org\/{rel}","templated":true}]}}