{"id":349,"date":"2024-03-16T17:49:46","date_gmt":"2024-03-16T17:49:46","guid":{"rendered":"https:\/\/azyl.olsztyn.pl\/?p=349"},"modified":"2024-03-16T17:52:15","modified_gmt":"2024-03-16T17:52:15","slug":"nabor-tus","status":"publish","type":"post","link":"https:\/\/azyl.olsztyn.pl\/index.php\/2024\/03\/16\/nabor-tus\/","title":{"rendered":"Nab\u00f3r &#8211; TUS"},"content":{"rendered":"\t\t<div data-elementor-type=\"wp-post\" data-elementor-id=\"349\" class=\"elementor elementor-349\">\n\t\t\t\t<div class=\"elementor-element elementor-element-30387361 e-flex e-con-boxed e-con e-parent\" data-id=\"30387361\" data-element_type=\"container\" data-e-type=\"container\">\n\t\t\t\t\t<div class=\"e-con-inner\">\n\t\t\t\t<div class=\"elementor-element elementor-element-5ee97c0 elementor-widget elementor-widget-text-editor\" data-id=\"5ee97c0\" data-element_type=\"widget\" data-e-type=\"widget\" data-widget_type=\"text-editor.default\">\n\t\t\t\t<div class=\"elementor-widget-container\">\n\t\t\t\t\t\t\t\t\t<div class=\"xdj266r x11i5rnm xat24cr x1mh8g0r x1vvkbs x126k92a\"><h5 dir=\"auto\"><span style=\"color: #000000;\">W zwi\u0105zku z zainteresowaniem og\u0142aszamy nab\u00f3r na zaj\u0119cia z zakresu treningu umiej\u0119tno\u015bci spo\u0142ecznych w ramach zaj\u0119\u0107 profilaktycznych naszej pracowni.<\/span><\/h5><\/div><h5 dir=\"auto\" style=\"padding-left: 40px;\"><span style=\"text-decoration: underline;\"><span style=\"color: #008000;\"><strong><em>Zaj\u0119cia grupowe skierowane do dzieci w wieku 13-16 lat odbywa\u0107 si\u0119 b\u0119d\u0105 w ka\u017cdy wtorek w godzinach 16:30-18:00.<span class=\"x3nfvp2 x1j61x8r x1fcty0u xdj266r xhhsvwb xat24cr xgzva0m xxymvpz xlup9mm x1kky2od\"><img decoding=\"async\" class=\"xz74otr\" src=\"https:\/\/static.xx.fbcdn.net\/images\/emoji.php\/v9\/ta0\/1.5\/16\/1f560.png\" alt=\"\ud83d\udd60\" width=\"16\" height=\"16\" \/><\/span><\/em><\/strong><\/span><\/span><\/h5><div dir=\"auto\">\u00a0<\/div><div dir=\"auto\"><strong><span style=\"color: #000000;\">Proponowane zaj\u0119cia przeznaczone s\u0105 dla dzieci:<\/span><\/strong><\/div><div dir=\"auto\"><span style=\"color: #000000;\">&#8211; z zespo\u0142em Aspergera,<\/span><\/div><div dir=\"auto\"><span style=\"color: #000000;\">&#8211; ADHD,<\/span><\/div><div dir=\"auto\"><span style=\"color: #000000;\">&#8211; agresywnych,<\/span><\/div><div dir=\"auto\"><span style=\"color: #000000;\">&#8211; nie\u015bmia\u0142ych,<\/span><\/div><div dir=\"auto\"><span style=\"color: #000000;\">&#8211; z op\u00f3\u017anionym rozwojem spo\u0142eczno-emocjonalnym<\/span><\/div><div dir=\"auto\"><span style=\"color: #000000;\">&#8211; i innych przemawiaj\u0105cych trudno\u015bci w nawi\u0105zywaniu i utrzymywaniu relacji z r\u00f3wie\u015bnikami, maj\u0105cych problemy z przestrzeganiem norm spo\u0142ecznych, adaptacji do nowych sytuacji.<\/span><\/div><div dir=\"auto\">\u00a0<\/div><div class=\"x11i5rnm xat24cr x1mh8g0r x1vvkbs xtlvy1s x126k92a\"><h5 dir=\"auto\"><strong><span style=\"color: #000000;\">Przed rozpocz\u0119ciem zaj\u0119\u0107 konieczna jest konsultacja psychologiczna.<\/span><\/strong><\/h5><h5 dir=\"auto\"><strong><span style=\"color: #000000;\"><img fetchpriority=\"high\" decoding=\"async\" class=\"size-medium wp-image-269 aligncenter\" src=\"https:\/\/azyl.olsztyn.pl\/wp-content\/uploads\/2024\/02\/Trening-umiejetnosci-spolecznych-300x169.jpg\" alt=\"\" width=\"300\" height=\"169\" srcset=\"https:\/\/azyl.olsztyn.pl\/wp-content\/uploads\/2024\/02\/Trening-umiejetnosci-spolecznych-300x169.jpg 300w, https:\/\/azyl.olsztyn.pl\/wp-content\/uploads\/2024\/02\/Trening-umiejetnosci-spolecznych-1024x576.jpg 1024w, https:\/\/azyl.olsztyn.pl\/wp-content\/uploads\/2024\/02\/Trening-umiejetnosci-spolecznych-768x432.jpg 768w, https:\/\/azyl.olsztyn.pl\/wp-content\/uploads\/2024\/02\/Trening-umiejetnosci-spolecznych-1536x864.jpg 1536w, https:\/\/azyl.olsztyn.pl\/wp-content\/uploads\/2024\/02\/Trening-umiejetnosci-spolecznych-107x60.jpg 107w, https:\/\/azyl.olsztyn.pl\/wp-content\/uploads\/2024\/02\/Trening-umiejetnosci-spolecznych.jpg 1920w\" sizes=\"(max-width: 300px) 100vw, 300px\" \/><\/span><\/strong><\/h5><\/div>\t\t\t\t\t\t\t\t<\/div>\n\t\t\t\t<\/div>\n\t\t\t\t\t<\/div>\n\t\t\t\t<\/div>\n\t\t\t\t<\/div>\n\t\t","protected":false},"excerpt":{"rendered":"<p>W zwi\u0105zku z zainteresowaniem og\u0142aszamy nab\u00f3r na zaj\u0119cia z zakresu treningu umiej\u0119tno\u015bci spo\u0142ecznych w ramach zaj\u0119\u0107 profilaktycznych naszej pracowni. Zaj\u0119cia grupowe skierowane do dzieci w wieku 13-16 lat odbywa\u0107 si\u0119 &hellip; <\/p>\n","protected":false},"author":1,"featured_media":269,"comment_status":"closed","ping_status":"closed","sticky":false,"template":"","format":"standard","meta":{"footnotes":""},"categories":[3],"tags":[],"class_list":["post-349","post","type-post","status-publish","format-standard","has-post-thumbnail","hentry","category-aktualnosci"],"_links":{"self":[{"href":"https:\/\/azyl.olsztyn.pl\/index.php\/wp-json\/wp\/v2\/posts\/349","targetHints":{"allow":["GET"]}}],"collection":[{"href":"https:\/\/azyl.olsztyn.pl\/index.php\/wp-json\/wp\/v2\/posts"}],"about":[{"href":"https:\/\/azyl.olsztyn.pl\/index.php\/wp-json\/wp\/v2\/types\/post"}],"author":[{"embeddable":true,"href":"https:\/\/azyl.olsztyn.pl\/index.php\/wp-json\/wp\/v2\/users\/1"}],"replies":[{"embeddable":true,"href":"https:\/\/azyl.olsztyn.pl\/index.php\/wp-json\/wp\/v2\/comments?post=349"}],"version-history":[{"count":5,"href":"https:\/\/azyl.olsztyn.pl\/index.php\/wp-json\/wp\/v2\/posts\/349\/revisions"}],"predecessor-version":[{"id":367,"href":"https:\/\/azyl.olsztyn.pl\/index.php\/wp-json\/wp\/v2\/posts\/349\/revisions\/367"}],"wp:featuredmedia":[{"embeddable":true,"href":"https:\/\/azyl.olsztyn.pl\/index.php\/wp-json\/wp\/v2\/media\/269"}],"wp:attachment":[{"href":"https:\/\/azyl.olsztyn.pl\/index.php\/wp-json\/wp\/v2\/media?parent=349"}],"wp:term":[{"taxonomy":"category","embeddable":true,"href":"https:\/\/azyl.olsztyn.pl\/index.php\/wp-json\/wp\/v2\/categories?post=349"},{"taxonomy":"post_tag","embeddable":true,"href":"https:\/\/azyl.olsztyn.pl\/index.php\/wp-json\/wp\/v2\/tags?post=349"}],"curies":[{"name":"wp","href":"https:\/\/api.w.org\/{rel}","templated":true}]}}