{"id":335,"date":"2024-03-10T17:47:26","date_gmt":"2024-03-10T17:47:26","guid":{"rendered":"https:\/\/azyl.olsztyn.pl\/?p=335"},"modified":"2024-03-10T18:03:45","modified_gmt":"2024-03-10T18:03:45","slug":"elementor-335","status":"publish","type":"post","link":"https:\/\/azyl.olsztyn.pl\/index.php\/2024\/03\/10\/elementor-335\/","title":{"rendered":"TUS"},"content":{"rendered":"\t\t<div data-elementor-type=\"wp-post\" data-elementor-id=\"335\" class=\"elementor elementor-335\">\n\t\t\t\t<div class=\"elementor-element elementor-element-4dc398f e-flex e-con-boxed e-con e-parent\" data-id=\"4dc398f\" data-element_type=\"container\" data-e-type=\"container\">\n\t\t\t\t\t<div class=\"e-con-inner\">\n\t\t\t\t<div class=\"elementor-element elementor-element-72536bd elementor-widget elementor-widget-text-editor\" data-id=\"72536bd\" data-element_type=\"widget\" data-e-type=\"widget\" data-widget_type=\"text-editor.default\">\n\t\t\t\t<div class=\"elementor-widget-container\">\n\t\t\t\t\t\t\t\t\t<h2 dir=\"auto\"><span style=\"color: #000000;\">Kochani, za nami pierwsze zaj\u0119cia z Treningu umiej\u0119tno\u015bci spo\u0142ecznych <span class=\"x3nfvp2 x1j61x8r x1fcty0u xdj266r xhhsvwb xat24cr xgzva0m xxymvpz xlup9mm x1kky2od\"><img decoding=\"async\" class=\"xz74otr\" src=\"https:\/\/static.xx.fbcdn.net\/images\/emoji.php\/v9\/t10\/1.5\/16\/1f917.png\" alt=\"\ud83e\udd17\" width=\"16\" height=\"16\" \/><\/span><\/span><\/h2><h2 dir=\"auto\"><span style=\"color: #000000;\">M\u0142odzi spisali si\u0119 super! <span class=\"x3nfvp2 x1j61x8r x1fcty0u xdj266r xhhsvwb xat24cr xgzva0m xxymvpz xlup9mm x1kky2od\"><img decoding=\"async\" class=\"xz74otr\" src=\"https:\/\/static.xx.fbcdn.net\/images\/emoji.php\/v9\/t80\/1.5\/16\/1f4aa_1f3fb.png\" alt=\"\ud83d\udcaa\ud83c\udffb\" width=\"16\" height=\"16\" \/><\/span><span class=\"x3nfvp2 x1j61x8r x1fcty0u xdj266r xhhsvwb xat24cr xgzva0m xxymvpz xlup9mm x1kky2od\"><img decoding=\"async\" class=\"xz74otr\" src=\"https:\/\/static.xx.fbcdn.net\/images\/emoji.php\/v9\/tb1\/1.5\/16\/1f929.png\" alt=\"\ud83e\udd29\" width=\"16\" height=\"16\" \/><\/span><\/span><\/h2><div><h4><strong><span style=\"color: #008000;\">DZI\u0118KUJEMY ZA PRZYBYCIE <\/span><\/strong><strong><span style=\"color: #008000;\">I DO ZOBACZENIA!<\/span><\/strong><\/h4><\/div><h2 dir=\"auto\"><span style=\"color: #008000;\"><img loading=\"lazy\" decoding=\"async\" class=\"alignnone size-medium wp-image-336\" src=\"https:\/\/azyl.olsztyn.pl\/wp-content\/uploads\/2024\/03\/431057782_122130996440147180_8784850625261927615_n-300x225.jpg\" alt=\"\" width=\"300\" height=\"225\" srcset=\"https:\/\/azyl.olsztyn.pl\/wp-content\/uploads\/2024\/03\/431057782_122130996440147180_8784850625261927615_n-300x225.jpg 300w, https:\/\/azyl.olsztyn.pl\/wp-content\/uploads\/2024\/03\/431057782_122130996440147180_8784850625261927615_n-768x576.jpg 768w, https:\/\/azyl.olsztyn.pl\/wp-content\/uploads\/2024\/03\/431057782_122130996440147180_8784850625261927615_n-80x60.jpg 80w, https:\/\/azyl.olsztyn.pl\/wp-content\/uploads\/2024\/03\/431057782_122130996440147180_8784850625261927615_n-640x480.jpg 640w, https:\/\/azyl.olsztyn.pl\/wp-content\/uploads\/2024\/03\/431057782_122130996440147180_8784850625261927615_n-110x83.jpg 110w, https:\/\/azyl.olsztyn.pl\/wp-content\/uploads\/2024\/03\/431057782_122130996440147180_8784850625261927615_n.jpg 960w\" sizes=\"(max-width: 300px) 100vw, 300px\" \/><\/span><\/h2><h2 dir=\"auto\"><span style=\"color: #008000;\"> <img loading=\"lazy\" decoding=\"async\" class=\"alignnone wp-image-337 size-medium\" src=\"https:\/\/azyl.olsztyn.pl\/wp-content\/uploads\/2024\/03\/431081572_122130996392147180_6719840819365953830_n-e1710093658130-300x224.jpg\" alt=\"\" width=\"300\" height=\"224\" srcset=\"https:\/\/azyl.olsztyn.pl\/wp-content\/uploads\/2024\/03\/431081572_122130996392147180_6719840819365953830_n-e1710093658130-300x224.jpg 300w, https:\/\/azyl.olsztyn.pl\/wp-content\/uploads\/2024\/03\/431081572_122130996392147180_6719840819365953830_n-e1710093658130-768x573.jpg 768w, https:\/\/azyl.olsztyn.pl\/wp-content\/uploads\/2024\/03\/431081572_122130996392147180_6719840819365953830_n-e1710093658130-80x60.jpg 80w, https:\/\/azyl.olsztyn.pl\/wp-content\/uploads\/2024\/03\/431081572_122130996392147180_6719840819365953830_n-e1710093658130-640x480.jpg 640w, https:\/\/azyl.olsztyn.pl\/wp-content\/uploads\/2024\/03\/431081572_122130996392147180_6719840819365953830_n-e1710093658130-110x83.jpg 110w, https:\/\/azyl.olsztyn.pl\/wp-content\/uploads\/2024\/03\/431081572_122130996392147180_6719840819365953830_n-e1710093658130.jpg 960w\" sizes=\"(max-width: 300px) 100vw, 300px\" \/><\/span><\/h2><h2 dir=\"auto\"><span style=\"color: #008000;\"><img loading=\"lazy\" decoding=\"async\" class=\"alignnone size-medium wp-image-338\" src=\"https:\/\/azyl.olsztyn.pl\/wp-content\/uploads\/2024\/03\/431107246_122130996482147180_7894243839017445981_n-300x225.jpg\" alt=\"\" width=\"300\" height=\"225\" srcset=\"https:\/\/azyl.olsztyn.pl\/wp-content\/uploads\/2024\/03\/431107246_122130996482147180_7894243839017445981_n-300x225.jpg 300w, https:\/\/azyl.olsztyn.pl\/wp-content\/uploads\/2024\/03\/431107246_122130996482147180_7894243839017445981_n-768x576.jpg 768w, https:\/\/azyl.olsztyn.pl\/wp-content\/uploads\/2024\/03\/431107246_122130996482147180_7894243839017445981_n-80x60.jpg 80w, https:\/\/azyl.olsztyn.pl\/wp-content\/uploads\/2024\/03\/431107246_122130996482147180_7894243839017445981_n-640x480.jpg 640w, https:\/\/azyl.olsztyn.pl\/wp-content\/uploads\/2024\/03\/431107246_122130996482147180_7894243839017445981_n-110x83.jpg 110w, https:\/\/azyl.olsztyn.pl\/wp-content\/uploads\/2024\/03\/431107246_122130996482147180_7894243839017445981_n.jpg 960w\" sizes=\"(max-width: 300px) 100vw, 300px\" \/><\/span><\/h2><h2 dir=\"auto\"><span style=\"color: #008000;\"> <img loading=\"lazy\" decoding=\"async\" class=\"size-medium wp-image-339 alignright\" src=\"https:\/\/azyl.olsztyn.pl\/wp-content\/uploads\/2024\/03\/431128538_122130996326147180_8400985309606239709_n-300x229.jpg\" alt=\"\" width=\"300\" height=\"229\" srcset=\"https:\/\/azyl.olsztyn.pl\/wp-content\/uploads\/2024\/03\/431128538_122130996326147180_8400985309606239709_n-300x229.jpg 300w, https:\/\/azyl.olsztyn.pl\/wp-content\/uploads\/2024\/03\/431128538_122130996326147180_8400985309606239709_n-768x587.jpg 768w, https:\/\/azyl.olsztyn.pl\/wp-content\/uploads\/2024\/03\/431128538_122130996326147180_8400985309606239709_n-78x60.jpg 78w, https:\/\/azyl.olsztyn.pl\/wp-content\/uploads\/2024\/03\/431128538_122130996326147180_8400985309606239709_n-110x83.jpg 110w, https:\/\/azyl.olsztyn.pl\/wp-content\/uploads\/2024\/03\/431128538_122130996326147180_8400985309606239709_n.jpg 960w\" sizes=\"(max-width: 300px) 100vw, 300px\" \/> <\/span><\/h2><h2 dir=\"auto\"><span style=\"color: #008000;\"><img loading=\"lazy\" decoding=\"async\" class=\"alignnone size-medium wp-image-340\" src=\"https:\/\/azyl.olsztyn.pl\/wp-content\/uploads\/2024\/03\/431528653_122130996530147180_8561951934504422417_n-300x225.jpg\" alt=\"\" width=\"300\" height=\"225\" srcset=\"https:\/\/azyl.olsztyn.pl\/wp-content\/uploads\/2024\/03\/431528653_122130996530147180_8561951934504422417_n-300x225.jpg 300w, https:\/\/azyl.olsztyn.pl\/wp-content\/uploads\/2024\/03\/431528653_122130996530147180_8561951934504422417_n-768x576.jpg 768w, https:\/\/azyl.olsztyn.pl\/wp-content\/uploads\/2024\/03\/431528653_122130996530147180_8561951934504422417_n-80x60.jpg 80w, https:\/\/azyl.olsztyn.pl\/wp-content\/uploads\/2024\/03\/431528653_122130996530147180_8561951934504422417_n-640x480.jpg 640w, https:\/\/azyl.olsztyn.pl\/wp-content\/uploads\/2024\/03\/431528653_122130996530147180_8561951934504422417_n-110x83.jpg 110w, https:\/\/azyl.olsztyn.pl\/wp-content\/uploads\/2024\/03\/431528653_122130996530147180_8561951934504422417_n.jpg 960w\" sizes=\"(max-width: 300px) 100vw, 300px\" \/><\/span><\/h2><h2 dir=\"auto\"><span style=\"color: #008000;\"> <img loading=\"lazy\" decoding=\"async\" class=\"alignnone size-medium wp-image-341\" src=\"https:\/\/azyl.olsztyn.pl\/wp-content\/uploads\/2024\/03\/431539764_122130996284147180_1387776064145410809_n-300x234.jpg\" alt=\"\" width=\"300\" height=\"234\" srcset=\"https:\/\/azyl.olsztyn.pl\/wp-content\/uploads\/2024\/03\/431539764_122130996284147180_1387776064145410809_n-300x234.jpg 300w, https:\/\/azyl.olsztyn.pl\/wp-content\/uploads\/2024\/03\/431539764_122130996284147180_1387776064145410809_n-768x600.jpg 768w, https:\/\/azyl.olsztyn.pl\/wp-content\/uploads\/2024\/03\/431539764_122130996284147180_1387776064145410809_n-77x60.jpg 77w, https:\/\/azyl.olsztyn.pl\/wp-content\/uploads\/2024\/03\/431539764_122130996284147180_1387776064145410809_n.jpg 960w\" sizes=\"(max-width: 300px) 100vw, 300px\" \/><\/span><\/h2><p>\u00a0<\/p><p>\u00a0<\/p><p>\u00a0<\/p>\t\t\t\t\t\t\t\t<\/div>\n\t\t\t\t<\/div>\n\t\t\t\t\t<\/div>\n\t\t\t\t<\/div>\n\t\t\t\t<\/div>\n\t\t","protected":false},"excerpt":{"rendered":"<p>Kochani, za nami pierwsze zaj\u0119cia z Treningu umiej\u0119tno\u015bci spo\u0142ecznych M\u0142odzi spisali si\u0119 super! DZI\u0118KUJEMY ZA PRZYBYCIE I DO ZOBACZENIA!<\/p>\n","protected":false},"author":1,"featured_media":269,"comment_status":"closed","ping_status":"closed","sticky":false,"template":"","format":"standard","meta":{"footnotes":""},"categories":[3],"tags":[6],"class_list":["post-335","post","type-post","status-publish","format-standard","has-post-thumbnail","hentry","category-aktualnosci","tag-azyl-olsztyn-wsparcie-treningumiejetnocispolecznych"],"_links":{"self":[{"href":"https:\/\/azyl.olsztyn.pl\/index.php\/wp-json\/wp\/v2\/posts\/335","targetHints":{"allow":["GET"]}}],"collection":[{"href":"https:\/\/azyl.olsztyn.pl\/index.php\/wp-json\/wp\/v2\/posts"}],"about":[{"href":"https:\/\/azyl.olsztyn.pl\/index.php\/wp-json\/wp\/v2\/types\/post"}],"author":[{"embeddable":true,"href":"https:\/\/azyl.olsztyn.pl\/index.php\/wp-json\/wp\/v2\/users\/1"}],"replies":[{"embeddable":true,"href":"https:\/\/azyl.olsztyn.pl\/index.php\/wp-json\/wp\/v2\/comments?post=335"}],"version-history":[{"count":5,"href":"https:\/\/azyl.olsztyn.pl\/index.php\/wp-json\/wp\/v2\/posts\/335\/revisions"}],"predecessor-version":[{"id":346,"href":"https:\/\/azyl.olsztyn.pl\/index.php\/wp-json\/wp\/v2\/posts\/335\/revisions\/346"}],"wp:featuredmedia":[{"embeddable":true,"href":"https:\/\/azyl.olsztyn.pl\/index.php\/wp-json\/wp\/v2\/media\/269"}],"wp:attachment":[{"href":"https:\/\/azyl.olsztyn.pl\/index.php\/wp-json\/wp\/v2\/media?parent=335"}],"wp:term":[{"taxonomy":"category","embeddable":true,"href":"https:\/\/azyl.olsztyn.pl\/index.php\/wp-json\/wp\/v2\/categories?post=335"},{"taxonomy":"post_tag","embeddable":true,"href":"https:\/\/azyl.olsztyn.pl\/index.php\/wp-json\/wp\/v2\/tags?post=335"}],"curies":[{"name":"wp","href":"https:\/\/api.w.org\/{rel}","templated":true}]}}