{"id":268,"date":"2024-02-08T17:20:54","date_gmt":"2024-02-08T17:20:54","guid":{"rendered":"https:\/\/azyl.olsztyn.pl\/?p=268"},"modified":"2024-02-08T17:20:54","modified_gmt":"2024-02-08T17:20:54","slug":"trening-umiejetnosci-spolecznych","status":"publish","type":"post","link":"https:\/\/azyl.olsztyn.pl\/index.php\/2024\/02\/08\/trening-umiejetnosci-spolecznych\/","title":{"rendered":"Trening umiej\u0119tno\u015bci spo\u0142ecznych"},"content":{"rendered":"<h5><span style=\"color: #000000;\">Trening umiej\u0119tno\u015bci spo\u0142ecznych to proces uczenia si\u0119 i doskonalenia umiej\u0119tno\u015bci spo\u0142ecznych do skutecznej komunikacji, wsp\u00f3\u0142pracy i interakcji z innymi lud\u017ami.<\/span><\/h5>\n<h5><span style=\"color: #000000;\">G\u0142\u00f3wne obszary wsparcia to:<\/span><\/h5>\n<ol>\n<li>\n<h5><span style=\"color: #000000;\">Komunikacja werbalna i niewerbalna<\/span><\/h5>\n<\/li>\n<li>\n<h5><span style=\"color: #000000;\">Rozwi\u0105zywanie konflikt\u00f3w<\/span><\/h5>\n<\/li>\n<li>\n<h5><span style=\"color: #000000;\">Empatia<\/span><\/h5>\n<\/li>\n<li>\n<h5><span style=\"color: #000000;\">Umiej\u0119tno\u015bci s\u0142uchania\u00a0<\/span><\/h5>\n<\/li>\n<li>\n<h5><span style=\"color: #000000;\">Budowanie relacji.\u00a0<\/span><\/h5>\n<\/li>\n<\/ol>\n<h5><span style=\"color: #000000;\">Poprzez regularne praktykowanie owych umiej\u0119tno\u015bci mo\u017ce by\u0107 niesamowit\u0105 okazj\u0105 do osobistego wzrostu i rozwoju. Podczas zaj\u0119\u0107 b\u0119dziesz mia\u0142 nie tylko na nauk\u0119 nowych umiej\u0119tno\u015bci, ale tak\u017ce na praktyczne zastosowanie ich w bezpiecznym i wspieraj\u0105cym \u015brodowisku.\u00a0<\/span><\/h5>\n<h5><span style=\"color: #000000;\">Mo\u017ce to by\u0107 pierwszy krok do budowania satysfakcjonuj\u0105cego \u017cycia, eksperymentowania i rozwijania si\u0119 w spos\u00f3b, kt\u00f3ry mo\u017ce przynie\u015b\u0107 d\u0142ugoterminowe korzy\u015bci.\u00a0<\/span><\/h5>\n<hr \/>\n<h4><em><span style=\"color: #000000;\">zadzwo\u0144: 782 524 190<\/span><\/em><\/h4>\n","protected":false},"excerpt":{"rendered":"<p>Trening umiej\u0119tno\u015bci spo\u0142ecznych to proces uczenia si\u0119 i doskonalenia umiej\u0119tno\u015bci spo\u0142ecznych do skutecznej komunikacji, wsp\u00f3\u0142pracy i interakcji z innymi lud\u017ami. G\u0142\u00f3wne obszary wsparcia to: Komunikacja werbalna i niewerbalna Rozwi\u0105zywanie konflikt\u00f3w &hellip; <\/p>\n","protected":false},"author":1,"featured_media":269,"comment_status":"closed","ping_status":"closed","sticky":false,"template":"","format":"standard","meta":{"footnotes":""},"categories":[3],"tags":[6],"class_list":["post-268","post","type-post","status-publish","format-standard","has-post-thumbnail","hentry","category-aktualnosci","tag-azyl-olsztyn-wsparcie-treningumiejetnocispolecznych"],"_links":{"self":[{"href":"https:\/\/azyl.olsztyn.pl\/index.php\/wp-json\/wp\/v2\/posts\/268","targetHints":{"allow":["GET"]}}],"collection":[{"href":"https:\/\/azyl.olsztyn.pl\/index.php\/wp-json\/wp\/v2\/posts"}],"about":[{"href":"https:\/\/azyl.olsztyn.pl\/index.php\/wp-json\/wp\/v2\/types\/post"}],"author":[{"embeddable":true,"href":"https:\/\/azyl.olsztyn.pl\/index.php\/wp-json\/wp\/v2\/users\/1"}],"replies":[{"embeddable":true,"href":"https:\/\/azyl.olsztyn.pl\/index.php\/wp-json\/wp\/v2\/comments?post=268"}],"version-history":[{"count":2,"href":"https:\/\/azyl.olsztyn.pl\/index.php\/wp-json\/wp\/v2\/posts\/268\/revisions"}],"predecessor-version":[{"id":271,"href":"https:\/\/azyl.olsztyn.pl\/index.php\/wp-json\/wp\/v2\/posts\/268\/revisions\/271"}],"wp:featuredmedia":[{"embeddable":true,"href":"https:\/\/azyl.olsztyn.pl\/index.php\/wp-json\/wp\/v2\/media\/269"}],"wp:attachment":[{"href":"https:\/\/azyl.olsztyn.pl\/index.php\/wp-json\/wp\/v2\/media?parent=268"}],"wp:term":[{"taxonomy":"category","embeddable":true,"href":"https:\/\/azyl.olsztyn.pl\/index.php\/wp-json\/wp\/v2\/categories?post=268"},{"taxonomy":"post_tag","embeddable":true,"href":"https:\/\/azyl.olsztyn.pl\/index.php\/wp-json\/wp\/v2\/tags?post=268"}],"curies":[{"name":"wp","href":"https:\/\/api.w.org\/{rel}","templated":true}]}}