{"id":245,"date":"2024-02-05T18:50:01","date_gmt":"2024-02-05T18:50:01","guid":{"rendered":"https:\/\/azyl.olsztyn.pl\/?p=245"},"modified":"2024-02-07T18:12:53","modified_gmt":"2024-02-07T18:12:53","slug":"korepetycje-jezykowe","status":"publish","type":"post","link":"https:\/\/azyl.olsztyn.pl\/index.php\/2024\/02\/05\/korepetycje-jezykowe\/","title":{"rendered":"Korepetycje j\u0119zykowe"},"content":{"rendered":"<h2 dir=\"auto\" style=\"text-align: center;\"><span style=\"color: #000000;\">Zapraszamy na korepetycje j\u0119zykowe.\u00a0<\/span><\/h2>\n<h4>Przygotujemy Pa\u0144stwa dziecko do egzaminu \u00f3smoklasisty oraz matury lub powt\u00f3rzymy materia\u0142 z lekcji \u0107wicz\u0105c podstawowe umiej\u0119tno\u015bci j\u0119zykowe, takie jak: s\u0142uchanie, czytanie, pisanie oraz gramatyczne zagadnienia.<\/h4>\n<h4>Podczas zaj\u0119\u0107 grupowych lub indywidualnych poszerzane s\u0105 umiej\u0119tno\u015bci, kt\u00f3re przydadz\u0105 si\u0119 nie tylko podczas egzaminu, ale r\u00f3wnie\u017c w \u017cyciu codziennym.\u00a0 Nasze zaj\u0119cia dostosowane s\u0105 do indywidualnych potrzeb i poziomu ka\u017cdego ucznia, zapewniaj\u0105c osi\u0105gni\u0119cie celu.<\/h4>\n<h4>Nauka j\u0119zyk\u00f3w otwiera wiele drzwi &#8211; od podr\u00f3\u017cy po karier\u0119. Jest to podr\u00f3\u017c do nieznanych miejsc i kultur, kt\u00f3ra poszerza horyzonty i odkrywa nowe mo\u017cliwo\u015bci.<\/h4>\n<h3 dir=\"auto\" style=\"text-align: center;\"><span style=\"color: #000000;\">Oferujemy godziny popo\u0142udniowe w sesji 45min. lub 90min. <span class=\"x3nfvp2 x1j61x8r x1fcty0u xdj266r xhhsvwb xat24cr xgzva0m xxymvpz xlup9mm x1kky2od\"><img decoding=\"async\" class=\"xz74otr\" src=\"https:\/\/static.xx.fbcdn.net\/images\/emoji.php\/v9\/t5\/1.5\/16\/1f554.png\" alt=\"\ud83d\udd54\" width=\"16\" height=\"16\" \/><\/span><\/span><\/h3>\n<h3 dir=\"auto\" style=\"text-align: center;\"><span style=\"color: #000000;\">Skontaktuj si\u0119 i zapytaj o szczeg\u00f3\u0142y.<\/span><\/h3>\n<p><img fetchpriority=\"high\" decoding=\"async\" class=\"wp-image-246 aligncenter\" src=\"https:\/\/azyl.olsztyn.pl\/wp-content\/uploads\/2024\/02\/jezyki-300x233.jpg\" alt=\"\" width=\"331\" height=\"257\" srcset=\"https:\/\/azyl.olsztyn.pl\/wp-content\/uploads\/2024\/02\/jezyki-300x233.jpg 300w, https:\/\/azyl.olsztyn.pl\/wp-content\/uploads\/2024\/02\/jezyki-1024x797.jpg 1024w, https:\/\/azyl.olsztyn.pl\/wp-content\/uploads\/2024\/02\/jezyki-768x598.jpg 768w, https:\/\/azyl.olsztyn.pl\/wp-content\/uploads\/2024\/02\/jezyki-77x60.jpg 77w, https:\/\/azyl.olsztyn.pl\/wp-content\/uploads\/2024\/02\/jezyki.jpg 1388w\" sizes=\"(max-width: 331px) 100vw, 331px\" \/><\/p>\n<h3 dir=\"auto\" style=\"text-align: center;\"><\/h3>\n","protected":false},"excerpt":{"rendered":"<p>Zapraszamy na korepetycje j\u0119zykowe.\u00a0 Przygotujemy Pa\u0144stwa dziecko do egzaminu \u00f3smoklasisty oraz matury lub powt\u00f3rzymy materia\u0142 z lekcji \u0107wicz\u0105c podstawowe umiej\u0119tno\u015bci j\u0119zykowe, takie jak: s\u0142uchanie, czytanie, pisanie oraz gramatyczne zagadnienia. Podczas &hellip; <\/p>\n","protected":false},"author":1,"featured_media":247,"comment_status":"closed","ping_status":"closed","sticky":false,"template":"","format":"standard","meta":{"footnotes":""},"categories":[3],"tags":[5],"class_list":["post-245","post","type-post","status-publish","format-standard","has-post-thumbnail","hentry","category-aktualnosci","tag-korepetycje-wsparcie-jezyki-rozwoj"],"_links":{"self":[{"href":"https:\/\/azyl.olsztyn.pl\/index.php\/wp-json\/wp\/v2\/posts\/245","targetHints":{"allow":["GET"]}}],"collection":[{"href":"https:\/\/azyl.olsztyn.pl\/index.php\/wp-json\/wp\/v2\/posts"}],"about":[{"href":"https:\/\/azyl.olsztyn.pl\/index.php\/wp-json\/wp\/v2\/types\/post"}],"author":[{"embeddable":true,"href":"https:\/\/azyl.olsztyn.pl\/index.php\/wp-json\/wp\/v2\/users\/1"}],"replies":[{"embeddable":true,"href":"https:\/\/azyl.olsztyn.pl\/index.php\/wp-json\/wp\/v2\/comments?post=245"}],"version-history":[{"count":4,"href":"https:\/\/azyl.olsztyn.pl\/index.php\/wp-json\/wp\/v2\/posts\/245\/revisions"}],"predecessor-version":[{"id":265,"href":"https:\/\/azyl.olsztyn.pl\/index.php\/wp-json\/wp\/v2\/posts\/245\/revisions\/265"}],"wp:featuredmedia":[{"embeddable":true,"href":"https:\/\/azyl.olsztyn.pl\/index.php\/wp-json\/wp\/v2\/media\/247"}],"wp:attachment":[{"href":"https:\/\/azyl.olsztyn.pl\/index.php\/wp-json\/wp\/v2\/media?parent=245"}],"wp:term":[{"taxonomy":"category","embeddable":true,"href":"https:\/\/azyl.olsztyn.pl\/index.php\/wp-json\/wp\/v2\/categories?post=245"},{"taxonomy":"post_tag","embeddable":true,"href":"https:\/\/azyl.olsztyn.pl\/index.php\/wp-json\/wp\/v2\/tags?post=245"}],"curies":[{"name":"wp","href":"https:\/\/api.w.org\/{rel}","templated":true}]}}