{"id":233,"date":"2024-02-03T12:34:07","date_gmt":"2024-02-03T12:34:07","guid":{"rendered":"https:\/\/azyl.olsztyn.pl\/?p=233"},"modified":"2024-02-03T12:37:59","modified_gmt":"2024-02-03T12:37:59","slug":"wielka-orkiestra-swiatecznej-pomocy","status":"publish","type":"post","link":"https:\/\/azyl.olsztyn.pl\/index.php\/2024\/02\/03\/wielka-orkiestra-swiatecznej-pomocy\/","title":{"rendered":"Wielka Orkiestra \u015awi\u0105tecznej Pomocy"},"content":{"rendered":"<h4 dir=\"auto\" style=\"text-align: center;\"><span style=\"color: #ff0000;\">Wielka Orkiestra \u015awi\u0105tecznej Pomocy <\/span><\/h4>\n<h4 dir=\"auto\" style=\"text-align: center;\"><span style=\"color: #000000;\">r\u00f3wnie\u017c w Naszym o\u015brodku! <span class=\"x3nfvp2 x1j61x8r x1fcty0u xdj266r xhhsvwb xat24cr xgzva0m xxymvpz xlup9mm x1kky2od\"><img decoding=\"async\" class=\"xz74otr\" src=\"https:\/\/static.xx.fbcdn.net\/images\/emoji.php\/v9\/tf3\/1.5\/16\/2764.png\" alt=\"\u2764\" width=\"16\" height=\"16\" \/><\/span><\/span><\/h4>\n<h4 dir=\"auto\" style=\"text-align: center;\"><span style=\"color: #000000;\">Nasza wspania\u0142a Pani psycholog wesprze osob\u0119, kt\u00f3ra wylicytowa\u0142a spotkania podczas <\/span><\/h4>\n<h4 dir=\"auto\" style=\"text-align: center;\"><span style=\"color: #000000;\">32 fina\u0142u WO\u015aP! <span class=\"x3nfvp2 x1j61x8r x1fcty0u xdj266r xhhsvwb xat24cr xgzva0m xxymvpz xlup9mm x1kky2od\"><img decoding=\"async\" class=\"xz74otr\" src=\"https:\/\/static.xx.fbcdn.net\/images\/emoji.php\/v9\/t43\/1.5\/16\/1f970.png\" alt=\"\ud83e\udd70\" width=\"16\" height=\"16\" \/><\/span><\/span><\/h4>\n<h4 dir=\"auto\" style=\"text-align: center;\"><span style=\"color: #000000;\">Gratulujemy i dzi\u0119kujemy za zaufanie.\u00a0<\/span><span class=\"x3nfvp2 x1j61x8r x1fcty0u xdj266r xhhsvwb xat24cr xgzva0m xxymvpz xlup9mm x1kky2od\"><img decoding=\"async\" class=\"xz74otr aligncenter\" src=\"https:\/\/static.xx.fbcdn.net\/images\/emoji.php\/v9\/t10\/1.5\/16\/1f917.png\" alt=\"\ud83e\udd17\" width=\"16\" height=\"16\" \/><\/span><\/h4>\n<p><img loading=\"lazy\" decoding=\"async\" class=\"size-medium wp-image-228 aligncenter\" src=\"https:\/\/azyl.olsztyn.pl\/wp-content\/uploads\/2024\/02\/logo-wosp-2024-jpg-300x300.jpg\" alt=\"\" width=\"300\" height=\"300\" srcset=\"https:\/\/azyl.olsztyn.pl\/wp-content\/uploads\/2024\/02\/logo-wosp-2024-jpg-300x300.jpg 300w, https:\/\/azyl.olsztyn.pl\/wp-content\/uploads\/2024\/02\/logo-wosp-2024-jpg-150x150.jpg 150w, https:\/\/azyl.olsztyn.pl\/wp-content\/uploads\/2024\/02\/logo-wosp-2024-jpg-768x768.jpg 768w, https:\/\/azyl.olsztyn.pl\/wp-content\/uploads\/2024\/02\/logo-wosp-2024-jpg-60x60.jpg 60w, https:\/\/azyl.olsztyn.pl\/wp-content\/uploads\/2024\/02\/logo-wosp-2024-jpg.jpg 1000w\" sizes=\"(max-width: 300px) 100vw, 300px\" \/><\/p>\n","protected":false},"excerpt":{"rendered":"<p>Wielka Orkiestra \u015awi\u0105tecznej Pomocy r\u00f3wnie\u017c w Naszym o\u015brodku! Nasza wspania\u0142a Pani psycholog wesprze osob\u0119, kt\u00f3ra wylicytowa\u0142a spotkania podczas 32 fina\u0142u WO\u015aP! Gratulujemy i dzi\u0119kujemy za zaufanie.\u00a0<\/p>\n","protected":false},"author":1,"featured_media":228,"comment_status":"closed","ping_status":"closed","sticky":false,"template":"","format":"standard","meta":{"footnotes":""},"categories":[3],"tags":[4],"class_list":["post-233","post","type-post","status-publish","format-standard","has-post-thumbnail","hentry","category-aktualnosci","tag-wosp-pomoc-psycholog-azyl-olsztyn"],"_links":{"self":[{"href":"https:\/\/azyl.olsztyn.pl\/index.php\/wp-json\/wp\/v2\/posts\/233","targetHints":{"allow":["GET"]}}],"collection":[{"href":"https:\/\/azyl.olsztyn.pl\/index.php\/wp-json\/wp\/v2\/posts"}],"about":[{"href":"https:\/\/azyl.olsztyn.pl\/index.php\/wp-json\/wp\/v2\/types\/post"}],"author":[{"embeddable":true,"href":"https:\/\/azyl.olsztyn.pl\/index.php\/wp-json\/wp\/v2\/users\/1"}],"replies":[{"embeddable":true,"href":"https:\/\/azyl.olsztyn.pl\/index.php\/wp-json\/wp\/v2\/comments?post=233"}],"version-history":[{"count":5,"href":"https:\/\/azyl.olsztyn.pl\/index.php\/wp-json\/wp\/v2\/posts\/233\/revisions"}],"predecessor-version":[{"id":238,"href":"https:\/\/azyl.olsztyn.pl\/index.php\/wp-json\/wp\/v2\/posts\/233\/revisions\/238"}],"wp:featuredmedia":[{"embeddable":true,"href":"https:\/\/azyl.olsztyn.pl\/index.php\/wp-json\/wp\/v2\/media\/228"}],"wp:attachment":[{"href":"https:\/\/azyl.olsztyn.pl\/index.php\/wp-json\/wp\/v2\/media?parent=233"}],"wp:term":[{"taxonomy":"category","embeddable":true,"href":"https:\/\/azyl.olsztyn.pl\/index.php\/wp-json\/wp\/v2\/categories?post=233"},{"taxonomy":"post_tag","embeddable":true,"href":"https:\/\/azyl.olsztyn.pl\/index.php\/wp-json\/wp\/v2\/tags?post=233"}],"curies":[{"name":"wp","href":"https:\/\/api.w.org\/{rel}","templated":true}]}}