{"id":176,"date":"2024-01-16T14:24:38","date_gmt":"2024-01-16T14:24:38","guid":{"rendered":"https:\/\/azyl.olsztyn.pl\/?p=176"},"modified":"2024-01-16T14:42:43","modified_gmt":"2024-01-16T14:42:43","slug":"zapraszamy-na-azylowe-wzmocnienie-kompetencji-emocjonalno-spolecznych","status":"publish","type":"post","link":"https:\/\/azyl.olsztyn.pl\/index.php\/2024\/01\/16\/zapraszamy-na-azylowe-wzmocnienie-kompetencji-emocjonalno-spolecznych\/","title":{"rendered":"Zapraszamy na azylowe wzmocnienie kompetencji emocjonalno-spo\u0142ecznych!"},"content":{"rendered":"<p>W pierwszym tygodniu ferii zapraszamy ch\u0119tne\u00a0dzieci na zaj\u0119cia w godzinach 14.00 \u2013 16.00. <!--more-->B\u0119dziemy udziela\u0107 wsparcia tym,\u00a0kt\u00f3rzy maj\u0105 k\u0142opot z rozpoznawaniem emocji, stawianiem i respektowaniem\u00a0granic, \u0107wiczy\u0107 podstawowe umiej\u0119tno\u015bci spo\u0142eczne.<\/p>\n","protected":false},"excerpt":{"rendered":"<p>W pierwszym tygodniu ferii zapraszamy ch\u0119tne\u00a0dzieci na zaj\u0119cia w godzinach 14.00 \u2013 16.00.<\/p>\n","protected":false},"author":1,"featured_media":9,"comment_status":"closed","ping_status":"closed","sticky":false,"template":"","format":"standard","meta":{"footnotes":""},"categories":[3],"tags":[],"class_list":["post-176","post","type-post","status-publish","format-standard","has-post-thumbnail","hentry","category-aktualnosci"],"_links":{"self":[{"href":"https:\/\/azyl.olsztyn.pl\/index.php\/wp-json\/wp\/v2\/posts\/176","targetHints":{"allow":["GET"]}}],"collection":[{"href":"https:\/\/azyl.olsztyn.pl\/index.php\/wp-json\/wp\/v2\/posts"}],"about":[{"href":"https:\/\/azyl.olsztyn.pl\/index.php\/wp-json\/wp\/v2\/types\/post"}],"author":[{"embeddable":true,"href":"https:\/\/azyl.olsztyn.pl\/index.php\/wp-json\/wp\/v2\/users\/1"}],"replies":[{"embeddable":true,"href":"https:\/\/azyl.olsztyn.pl\/index.php\/wp-json\/wp\/v2\/comments?post=176"}],"version-history":[{"count":2,"href":"https:\/\/azyl.olsztyn.pl\/index.php\/wp-json\/wp\/v2\/posts\/176\/revisions"}],"predecessor-version":[{"id":182,"href":"https:\/\/azyl.olsztyn.pl\/index.php\/wp-json\/wp\/v2\/posts\/176\/revisions\/182"}],"wp:featuredmedia":[{"embeddable":true,"href":"https:\/\/azyl.olsztyn.pl\/index.php\/wp-json\/wp\/v2\/media\/9"}],"wp:attachment":[{"href":"https:\/\/azyl.olsztyn.pl\/index.php\/wp-json\/wp\/v2\/media?parent=176"}],"wp:term":[{"taxonomy":"category","embeddable":true,"href":"https:\/\/azyl.olsztyn.pl\/index.php\/wp-json\/wp\/v2\/categories?post=176"},{"taxonomy":"post_tag","embeddable":true,"href":"https:\/\/azyl.olsztyn.pl\/index.php\/wp-json\/wp\/v2\/tags?post=176"}],"curies":[{"name":"wp","href":"https:\/\/api.w.org\/{rel}","templated":true}]}}